{"id":239,"date":"2022-05-13T10:28:58","date_gmt":"2022-05-13T09:28:58","guid":{"rendered":"https:\/\/blog.solarstaufen.ch\/?p=239"},"modified":"2022-05-13T10:28:58","modified_gmt":"2022-05-13T09:28:58","slug":"besuch-im-nest-bei-der-empa-duebendorf","status":"publish","type":"post","link":"https:\/\/blog.solarstaufen.ch\/?p=239","title":{"rendered":"Besuch im NEST bei der EMPA D\u00fcbendorf"},"content":{"rendered":"\n<p>Ende April konnten wir endlich unser zweites Event durchf\u00fchren. Diese Mal besuchten wir das <a href=\"https:\/\/www.empa.ch\/de\/web\/nest\/\">NEST Projekt<\/a> der EMPA in D\u00fcbendorf. <\/p>\n\n\n\n<figure class=\"wp-block-image size-large\"><img loading=\"lazy\" decoding=\"async\" width=\"1024\" height=\"763\" src=\"https:\/\/blog.solarstaufen.ch\/wp-content\/uploads\/2022\/05\/20220429_152339-1024x763.png\" alt=\"\" class=\"wp-image-234\" srcset=\"https:\/\/blog.solarstaufen.ch\/wp-content\/uploads\/2022\/05\/20220429_152339-1024x763.png 1024w, https:\/\/blog.solarstaufen.ch\/wp-content\/uploads\/2022\/05\/20220429_152339-300x224.png 300w, https:\/\/blog.solarstaufen.ch\/wp-content\/uploads\/2022\/05\/20220429_152339-768x572.png 768w, https:\/\/blog.solarstaufen.ch\/wp-content\/uploads\/2022\/05\/20220429_152339-1536x1144.png 1536w, https:\/\/blog.solarstaufen.ch\/wp-content\/uploads\/2022\/05\/20220429_152339-2048x1526.png 2048w\" sizes=\"auto, (max-width: 767px) 89vw, (max-width: 1000px) 54vw, (max-width: 1071px) 543px, 580px\" \/><figcaption>NEST Geb\u00e4ude<\/figcaption><\/figure>\n\n\n\n<p>Nach einer kurzen Einf\u00fchrung nahm uns Herr Pandiani mit auf eine spannende Tour durchs Geb\u00e4ude und wir durften uns folgende drei Projekte n\u00e4her anschauen.<\/p>\n\n\n\n<figure class=\"wp-block-image size-large\"><img loading=\"lazy\" decoding=\"async\" width=\"1024\" height=\"485\" src=\"https:\/\/blog.solarstaufen.ch\/wp-content\/uploads\/2022\/05\/20220429_160730-1024x485.jpg\" alt=\"\" class=\"wp-image-235\" srcset=\"https:\/\/blog.solarstaufen.ch\/wp-content\/uploads\/2022\/05\/20220429_160730-1024x485.jpg 1024w, https:\/\/blog.solarstaufen.ch\/wp-content\/uploads\/2022\/05\/20220429_160730-300x142.jpg 300w, https:\/\/blog.solarstaufen.ch\/wp-content\/uploads\/2022\/05\/20220429_160730-768x363.jpg 768w, https:\/\/blog.solarstaufen.ch\/wp-content\/uploads\/2022\/05\/20220429_160730-1536x727.jpg 1536w, https:\/\/blog.solarstaufen.ch\/wp-content\/uploads\/2022\/05\/20220429_160730-2048x969.jpg 2048w\" sizes=\"auto, (max-width: 767px) 89vw, (max-width: 1000px) 54vw, (max-width: 1071px) 543px, 580px\" \/><figcaption>Begr\u00fcssung und \u00dcbersicht<\/figcaption><\/figure>\n\n\n\n<p>Der erste Stopp war im Modul <a href=\"https:\/\/www.empa.ch\/web\/nest\/sprint\">Sprint \u2013 Vom R\u00fcckbau zum Re-Use in k\u00fcrzester Zeit<\/a>.  Interessant aus was man alles W\u00e4nde machen kann und damit diverse Materialien eine weitere Verwendung finden anstatt entsorgt zu werden. <\/p>\n\n\n\n<p>Auszug von der <a href=\"https:\/\/www.empa.ch\/web\/nest\/sprint\">Projektseite<\/a>:<br><em>Im Bau- und Energiebereich ist es schwierig, neue Verfahren und Produkte schnell auf den Markt zu bringen. Die Covid-19-Situation hat jedoch verdeutlicht, dass Geb\u00e4ude noch flexibler sein m\u00fcssen, weil sich unsere Bed\u00fcrfnisse von einem Moment auf den anderen \u00e4ndern k\u00f6nnen. In der neuen NEST-Unit Sprint\u00a0setzt sich die Empa daher gemeinsam mit Partnern aus der Wirtschaft das Ziel, innerhalb k\u00fcrzester Zeit flexible B\u00fcror\u00e4umlichkeiten zu schaffen \u2013 und dies mit gr\u00f6sstenteils wiederverwendeten Materialien. Vom R\u00fcckbau zum Re-Use werden die verschiedenen Herausforderungen Schritt f\u00fcr Schritt beleuchtet und auf deren L\u00f6sungsfindung fokussiert.<\/em><\/p>\n\n\n\n<p>Das n\u00e4chste Modul <a href=\"https:\/\/www.empa.ch\/web\/nest\/urban-mining\">Urban Mining &amp; Recycling<\/a> zog viele Teilnehmer in den Bann. Eine modern eingerichtete Wohnung komplett aus rezyklierten Materialien. Warme Farbt\u00f6ne und funktionell eingerichtet bietet die Wohnung viel Komfort f\u00fcr ihre Bewohner. <\/p>\n\n\n\n<p>Auszug aus der <a href=\"https:\/\/www.empa.ch\/web\/nest\/urban-mining\">Projektseite<\/a>:<br><em>Die Unit Urban Mining &amp; Recycling zeigt auf, wie ein verantwortlicher Umgang mit unseren nat\u00fcrlichen Ressourcen mit einer ansprechenden Architektur kombiniert werden kann. Der Unit liegt die These zugrunde, dass alle zur Herstellung eines Geb\u00e4udes ben\u00f6tigten Ressourcen vollst\u00e4ndig wiederverwendbar, wiederverwertbar oder kompostierbar sein m\u00fcssen.<\/em><\/p>\n\n\n\n<figure class=\"wp-block-image size-large\"><img loading=\"lazy\" decoding=\"async\" width=\"1024\" height=\"485\" src=\"https:\/\/blog.solarstaufen.ch\/wp-content\/uploads\/2022\/05\/20220429_165121-1024x485.jpg\" alt=\"\" class=\"wp-image-236\" srcset=\"https:\/\/blog.solarstaufen.ch\/wp-content\/uploads\/2022\/05\/20220429_165121-1024x485.jpg 1024w, https:\/\/blog.solarstaufen.ch\/wp-content\/uploads\/2022\/05\/20220429_165121-300x142.jpg 300w, https:\/\/blog.solarstaufen.ch\/wp-content\/uploads\/2022\/05\/20220429_165121-768x363.jpg 768w, https:\/\/blog.solarstaufen.ch\/wp-content\/uploads\/2022\/05\/20220429_165121-1536x727.jpg 1536w, https:\/\/blog.solarstaufen.ch\/wp-content\/uploads\/2022\/05\/20220429_165121-2048x969.jpg 2048w\" sizes=\"auto, (max-width: 767px) 89vw, (max-width: 1000px) 54vw, (max-width: 1071px) 543px, 580px\" \/><figcaption>Die K\u00fcche<\/figcaption><\/figure>\n\n\n\n<p>Im obersten Stockwerk besuchten wir das <a href=\"https:\/\/www.empa.ch\/web\/nest\/hilo\">High Performance \u2013 Low Emissions<\/a> B\u00fcro. Auf 2 Etagen gibt es viel Raum f\u00fcr fokussiertes Arbeiten in dedizierten R\u00e4umen oder Fl\u00e4chen f\u00fcr Teamwork.<\/p>\n\n\n\n<p>Auszug aus der <a href=\"https:\/\/www.empa.ch\/web\/nest\/hilo\">Projektseite<\/a>:<br><em>Mit der Devise \u00abHigh Performance \u2013 Low Emissions\u00bb demonstriert die NEST-Unit HiLo, wie sich attraktive Architektur mit energie- und ressourcenschonendem Bau und Betrieb verbinden l\u00e4sst. Dabei vereint die Unit neuartige Planungs- und Konstruktionsmethoden f\u00fcr effiziente Betonstrukturen mit einer selbstlernenden und adaptiven Geb\u00e4udetechnik.<\/em><\/p>\n\n\n\n<figure class=\"wp-block-image size-large\"><img loading=\"lazy\" decoding=\"async\" width=\"485\" height=\"1024\" src=\"https:\/\/blog.solarstaufen.ch\/wp-content\/uploads\/2022\/05\/20220429_170325-485x1024.jpg\" alt=\"\" class=\"wp-image-237\" srcset=\"https:\/\/blog.solarstaufen.ch\/wp-content\/uploads\/2022\/05\/20220429_170325-485x1024.jpg 485w, https:\/\/blog.solarstaufen.ch\/wp-content\/uploads\/2022\/05\/20220429_170325-142x300.jpg 142w, https:\/\/blog.solarstaufen.ch\/wp-content\/uploads\/2022\/05\/20220429_170325-768x1620.jpg 768w, https:\/\/blog.solarstaufen.ch\/wp-content\/uploads\/2022\/05\/20220429_170325-728x1536.jpg 728w, https:\/\/blog.solarstaufen.ch\/wp-content\/uploads\/2022\/05\/20220429_170325-971x2048.jpg 971w, https:\/\/blog.solarstaufen.ch\/wp-content\/uploads\/2022\/05\/20220429_170325-scaled.jpg 1213w\" sizes=\"auto, (max-width: 485px) 100vw, 485px\" \/><figcaption>Arbeitsfl\u00e4che zwischen den B\u00fcros<\/figcaption><\/figure>\n\n\n\n<p>Nach diversen Fragen, die fachkundig von Herrn Pandiani beantwortet wurden, ging es anschliessend weiter mit einem Apero. Bei dieser Gelegenheit konnten wir auch auf das 10 j\u00e4hrige Jubil\u00e4um von der Solar Staufen AG anstossen.<\/p>\n\n\n\n<figure class=\"wp-block-image size-large\"><img loading=\"lazy\" decoding=\"async\" width=\"485\" height=\"1024\" src=\"https:\/\/blog.solarstaufen.ch\/wp-content\/uploads\/2022\/05\/20220429_171806-485x1024.jpg\" alt=\"\" class=\"wp-image-238\" srcset=\"https:\/\/blog.solarstaufen.ch\/wp-content\/uploads\/2022\/05\/20220429_171806-485x1024.jpg 485w, https:\/\/blog.solarstaufen.ch\/wp-content\/uploads\/2022\/05\/20220429_171806-142x300.jpg 142w, https:\/\/blog.solarstaufen.ch\/wp-content\/uploads\/2022\/05\/20220429_171806-768x1623.jpg 768w, https:\/\/blog.solarstaufen.ch\/wp-content\/uploads\/2022\/05\/20220429_171806-727x1536.jpg 727w, https:\/\/blog.solarstaufen.ch\/wp-content\/uploads\/2022\/05\/20220429_171806-969x2048.jpg 969w, https:\/\/blog.solarstaufen.ch\/wp-content\/uploads\/2022\/05\/20220429_171806-scaled.jpg 1211w\" sizes=\"auto, (max-width: 485px) 100vw, 485px\" \/><figcaption>Apero im NEST Geb\u00e4ude<\/figcaption><\/figure>\n","protected":false},"excerpt":{"rendered":"<p>Ende April konnten wir endlich unser zweites Event durchf\u00fchren. Diese Mal besuchten wir das NEST Projekt der EMPA in D\u00fcbendorf. Nach einer kurzen Einf\u00fchrung nahm uns Herr Pandiani mit auf eine spannende Tour durchs Geb\u00e4ude und wir durften uns folgende drei Projekte n\u00e4her anschauen. Der erste Stopp war im Modul Sprint \u2013 Vom R\u00fcckbau zum &hellip; <\/p>\n<p class=\"link-more\"><a href=\"https:\/\/blog.solarstaufen.ch\/?p=239\" class=\"more-link\"><span class=\"screen-reader-text\">&#171;Besuch im NEST bei der EMPA D\u00fcbendorf&#187;<\/span> weiterlesen<\/a><\/p>\n","protected":false},"author":2,"featured_media":0,"comment_status":"closed","ping_status":"closed","sticky":false,"template":"","format":"standard","meta":{"footnotes":""},"categories":[7],"tags":[],"class_list":["post-239","post","type-post","status-publish","format-standard","hentry","category-erneuerbare-engergie"],"_links":{"self":[{"href":"https:\/\/blog.solarstaufen.ch\/index.php?rest_route=\/wp\/v2\/posts\/239","targetHints":{"allow":["GET"]}}],"collection":[{"href":"https:\/\/blog.solarstaufen.ch\/index.php?rest_route=\/wp\/v2\/posts"}],"about":[{"href":"https:\/\/blog.solarstaufen.ch\/index.php?rest_route=\/wp\/v2\/types\/post"}],"author":[{"embeddable":true,"href":"https:\/\/blog.solarstaufen.ch\/index.php?rest_route=\/wp\/v2\/users\/2"}],"replies":[{"embeddable":true,"href":"https:\/\/blog.solarstaufen.ch\/index.php?rest_route=%2Fwp%2Fv2%2Fcomments&post=239"}],"version-history":[{"count":4,"href":"https:\/\/blog.solarstaufen.ch\/index.php?rest_route=\/wp\/v2\/posts\/239\/revisions"}],"predecessor-version":[{"id":243,"href":"https:\/\/blog.solarstaufen.ch\/index.php?rest_route=\/wp\/v2\/posts\/239\/revisions\/243"}],"wp:attachment":[{"href":"https:\/\/blog.solarstaufen.ch\/index.php?rest_route=%2Fwp%2Fv2%2Fmedia&parent=239"}],"wp:term":[{"taxonomy":"category","embeddable":true,"href":"https:\/\/blog.solarstaufen.ch\/index.php?rest_route=%2Fwp%2Fv2%2Fcategories&post=239"},{"taxonomy":"post_tag","embeddable":true,"href":"https:\/\/blog.solarstaufen.ch\/index.php?rest_route=%2Fwp%2Fv2%2Ftags&post=239"}],"curies":[{"name":"wp","href":"https:\/\/api.w.org\/{rel}","templated":true}]}}