{"id":139,"date":"2020-03-22T19:07:20","date_gmt":"2020-03-22T18:07:20","guid":{"rendered":"https:\/\/blog.solarstaufen.ch\/?p=139"},"modified":"2020-03-24T21:13:47","modified_gmt":"2020-03-24T20:13:47","slug":"reinigung-pv-anlage-wytihof","status":"publish","type":"post","link":"https:\/\/blog.solarstaufen.ch\/?p=139","title":{"rendered":"Reinigung PV-Anlage Wytihof"},"content":{"rendered":"\n<p>Nach der letzen Reinigung im September 2018 war es Zeit die PV-Module auf der Scheune wieder einmal zu reinigen. Zu dritt waren wir am letzten Freitag Nachmittag auf dem Dach um den Schmutz auf den 480 Modulen zu entfernen. Abwechslungsweise wurden die Module vom Dachfirst aus gereinigt.<\/p>\n\n\n\n<figure class=\"wp-block-image\"><img loading=\"lazy\" decoding=\"async\" width=\"1024\" height=\"768\" src=\"https:\/\/blog.solarstaufen.ch\/wp-content\/uploads\/2020\/03\/P3200010-1024x768.jpg\" alt=\"\" class=\"wp-image-141\" srcset=\"https:\/\/blog.solarstaufen.ch\/wp-content\/uploads\/2020\/03\/P3200010-1024x768.jpg 1024w, https:\/\/blog.solarstaufen.ch\/wp-content\/uploads\/2020\/03\/P3200010-300x225.jpg 300w, https:\/\/blog.solarstaufen.ch\/wp-content\/uploads\/2020\/03\/P3200010-768x576.jpg 768w, https:\/\/blog.solarstaufen.ch\/wp-content\/uploads\/2020\/03\/P3200010-1536x1152.jpg 1536w, https:\/\/blog.solarstaufen.ch\/wp-content\/uploads\/2020\/03\/P3200010-2048x1536.jpg 2048w\" sizes=\"auto, (max-width: 767px) 89vw, (max-width: 1000px) 54vw, (max-width: 1071px) 543px, 580px\" \/><\/figure>\n\n\n\n<figure class=\"wp-block-image\"><img loading=\"lazy\" decoding=\"async\" width=\"1024\" height=\"485\" src=\"https:\/\/blog.solarstaufen.ch\/wp-content\/uploads\/2020\/03\/20200320_134342-1024x485.jpg\" alt=\"\" class=\"wp-image-144\" srcset=\"https:\/\/blog.solarstaufen.ch\/wp-content\/uploads\/2020\/03\/20200320_134342-1024x485.jpg 1024w, https:\/\/blog.solarstaufen.ch\/wp-content\/uploads\/2020\/03\/20200320_134342-300x142.jpg 300w, https:\/\/blog.solarstaufen.ch\/wp-content\/uploads\/2020\/03\/20200320_134342-768x364.jpg 768w, https:\/\/blog.solarstaufen.ch\/wp-content\/uploads\/2020\/03\/20200320_134342-1536x728.jpg 1536w, https:\/\/blog.solarstaufen.ch\/wp-content\/uploads\/2020\/03\/20200320_134342-2048x971.jpg 2048w\" sizes=\"auto, (max-width: 767px) 89vw, (max-width: 1000px) 54vw, (max-width: 1071px) 543px, 580px\" \/><\/figure>\n\n\n\n<figure class=\"wp-block-image\"><img loading=\"lazy\" decoding=\"async\" width=\"1024\" height=\"578\" src=\"https:\/\/blog.solarstaufen.ch\/wp-content\/uploads\/2020\/03\/P3200026-1024x578.jpg\" alt=\"\" class=\"wp-image-142\" srcset=\"https:\/\/blog.solarstaufen.ch\/wp-content\/uploads\/2020\/03\/P3200026-1024x578.jpg 1024w, https:\/\/blog.solarstaufen.ch\/wp-content\/uploads\/2020\/03\/P3200026-300x169.jpg 300w, https:\/\/blog.solarstaufen.ch\/wp-content\/uploads\/2020\/03\/P3200026-768x433.jpg 768w, https:\/\/blog.solarstaufen.ch\/wp-content\/uploads\/2020\/03\/P3200026-1536x866.jpg 1536w, https:\/\/blog.solarstaufen.ch\/wp-content\/uploads\/2020\/03\/P3200026-2048x1155.jpg 2048w\" sizes=\"auto, (max-width: 767px) 89vw, (max-width: 1000px) 54vw, (max-width: 1071px) 543px, 580px\" \/><\/figure>\n\n\n\n<figure class=\"wp-block-image\"><img loading=\"lazy\" decoding=\"async\" width=\"1024\" height=\"768\" src=\"https:\/\/blog.solarstaufen.ch\/wp-content\/uploads\/2020\/03\/P3200033-1024x768.jpg\" alt=\"\" class=\"wp-image-143\" srcset=\"https:\/\/blog.solarstaufen.ch\/wp-content\/uploads\/2020\/03\/P3200033-1024x768.jpg 1024w, https:\/\/blog.solarstaufen.ch\/wp-content\/uploads\/2020\/03\/P3200033-300x225.jpg 300w, https:\/\/blog.solarstaufen.ch\/wp-content\/uploads\/2020\/03\/P3200033-768x576.jpg 768w, https:\/\/blog.solarstaufen.ch\/wp-content\/uploads\/2020\/03\/P3200033-1536x1152.jpg 1536w, https:\/\/blog.solarstaufen.ch\/wp-content\/uploads\/2020\/03\/P3200033-2048x1536.jpg 2048w\" sizes=\"auto, (max-width: 767px) 89vw, (max-width: 1000px) 54vw, (max-width: 1071px) 543px, 580px\" \/><\/figure>\n\n\n\n<p>Wir vergleichen zwei sonnige Tage vor und nach der Reinigung unserer Anlagen:<\/p>\n\n\n\n<figure class=\"wp-block-table is-style-stripes\"><table class=\"\"><tbody><tr><td><strong>Anlage<\/strong><\/td><td><strong>Installierte Leistung in kWp<\/strong><\/td><td><strong>Ertrag 2020-03-19<br> laut SolarLog in kWh<br> entspricht 100%<\/strong><\/td><td><strong>Ertrag 2020-03-23<br> laut SolarLog in kWh<\/strong><\/td><td><strong>Ertrags Delta in %<\/strong><\/td><\/tr><tr><td>Gemeindehaus<\/td><td>29,43<\/td><td>123,76 <\/td><td>151,17<\/td><td>22%<\/td><\/tr><tr><td>Stiftung Orte zum Leben <\/td><td>94,34 <\/td><td>364,60 <\/td><td>443,00 <\/td><td>22% <\/td><\/tr><tr><td>Wytihof <\/td><td>118,56 <\/td><td>400,03 <\/td><td>553,77 <\/td><td>38% <\/td><\/tr><tr><td>Lindenblick Haus B1 <\/td><td>29,87 <\/td><td>122,55 <\/td><td>150,29 <\/td><td>23% <\/td><\/tr><tr><td>Lindenblick Haus B2 <\/td><td>26,1 <\/td><td>108,06 <\/td><td>133,77 <\/td><td>24% <\/td><\/tr><\/tbody><\/table><\/figure>\n\n\n\n<p>Die Modul Putzaktion am Wytihof hat, bereinigt mit Temperatur und Einstrahlungs Unterschied, eine <strong>Ertragsverbesserung um 16 Prozent <\/strong>gebracht. Nachfolgend die beiden Tage im Vergleich:<\/p>\n\n\n\n<figure class=\"wp-block-table\"><table class=\"\"><tbody><tr><td><img loading=\"lazy\" decoding=\"async\" width=\"400\" height=\"321\" class=\"wp-image-140\" style=\"width: 400px;\" src=\"https:\/\/blog.solarstaufen.ch\/wp-content\/uploads\/2020\/03\/MI-PV-Wytihof.png\" alt=\"\" srcset=\"https:\/\/blog.solarstaufen.ch\/wp-content\/uploads\/2020\/03\/MI-PV-Wytihof.png 742w, https:\/\/blog.solarstaufen.ch\/wp-content\/uploads\/2020\/03\/MI-PV-Wytihof-300x241.png 300w\" sizes=\"auto, (max-width: 400px) 100vw, 400px\" \/><\/td><td><img loading=\"lazy\" decoding=\"async\" width=\"400\" height=\"327\" class=\"wp-image-160\" style=\"width: 400px;\" src=\"https:\/\/blog.solarstaufen.ch\/wp-content\/uploads\/2020\/03\/MO-PV-Wytihof.png\" alt=\"\" srcset=\"https:\/\/blog.solarstaufen.ch\/wp-content\/uploads\/2020\/03\/MO-PV-Wytihof.png 725w, https:\/\/blog.solarstaufen.ch\/wp-content\/uploads\/2020\/03\/MO-PV-Wytihof-300x245.png 300w\" sizes=\"auto, (max-width: 400px) 100vw, 400px\" \/><\/td><\/tr><\/tbody><\/table><\/figure>\n\n\n\n<p>Ein herzliches Dankesch\u00f6n an die Familie Furter f\u00fcr ihre Unterst\u00fctzung mit Leiter, K\u00e4rcher und Wasser!<\/p>\n","protected":false},"excerpt":{"rendered":"<p>Nach der letzen Reinigung im September 2018 war es Zeit die PV-Module auf der Scheune wieder einmal zu reinigen. Zu dritt waren wir am letzten Freitag Nachmittag auf dem Dach um den Schmutz auf den 480 Modulen zu entfernen. Abwechslungsweise wurden die Module vom Dachfirst aus gereinigt. Wir vergleichen zwei sonnige Tage vor und nach &hellip; <\/p>\n<p class=\"link-more\"><a href=\"https:\/\/blog.solarstaufen.ch\/?p=139\" class=\"more-link\"><span class=\"screen-reader-text\">&#171;Reinigung PV-Anlage Wytihof&#187;<\/span> weiterlesen<\/a><\/p>\n","protected":false},"author":2,"featured_media":0,"comment_status":"closed","ping_status":"closed","sticky":false,"template":"","format":"standard","meta":{"footnotes":""},"categories":[5,2],"tags":[],"class_list":["post-139","post","type-post","status-publish","format-standard","hentry","category-pv-anlagen","category-unsere-produktion"],"_links":{"self":[{"href":"https:\/\/blog.solarstaufen.ch\/index.php?rest_route=\/wp\/v2\/posts\/139","targetHints":{"allow":["GET"]}}],"collection":[{"href":"https:\/\/blog.solarstaufen.ch\/index.php?rest_route=\/wp\/v2\/posts"}],"about":[{"href":"https:\/\/blog.solarstaufen.ch\/index.php?rest_route=\/wp\/v2\/types\/post"}],"author":[{"embeddable":true,"href":"https:\/\/blog.solarstaufen.ch\/index.php?rest_route=\/wp\/v2\/users\/2"}],"replies":[{"embeddable":true,"href":"https:\/\/blog.solarstaufen.ch\/index.php?rest_route=%2Fwp%2Fv2%2Fcomments&post=139"}],"version-history":[{"count":15,"href":"https:\/\/blog.solarstaufen.ch\/index.php?rest_route=\/wp\/v2\/posts\/139\/revisions"}],"predecessor-version":[{"id":163,"href":"https:\/\/blog.solarstaufen.ch\/index.php?rest_route=\/wp\/v2\/posts\/139\/revisions\/163"}],"wp:attachment":[{"href":"https:\/\/blog.solarstaufen.ch\/index.php?rest_route=%2Fwp%2Fv2%2Fmedia&parent=139"}],"wp:term":[{"taxonomy":"category","embeddable":true,"href":"https:\/\/blog.solarstaufen.ch\/index.php?rest_route=%2Fwp%2Fv2%2Fcategories&post=139"},{"taxonomy":"post_tag","embeddable":true,"href":"https:\/\/blog.solarstaufen.ch\/index.php?rest_route=%2Fwp%2Fv2%2Ftags&post=139"}],"curies":[{"name":"wp","href":"https:\/\/api.w.org\/{rel}","templated":true}]}}